{"id":491,"date":"2020-05-02T10:05:17","date_gmt":"2020-05-02T08:05:17","guid":{"rendered":"https:\/\/totsacasa.santjosep.org\/sin-categorizar\/bluesmafia-i-es-saligardos\/"},"modified":"2020-05-04T12:49:40","modified_gmt":"2020-05-04T10:49:40","slug":"bluesmafia-i-es-saligardos","status":"publish","type":"post","link":"https:\/\/totsacasa.santjosep.org\/es\/musica-baile-y-espectaculos\/bluesmafia-i-es-saligardos\/","title":{"rendered":"Bluesmafia i es Saligardos"},"content":{"rendered":"<p>En este v\u00eddeo encontrar\u00e1s alguna sorpresa y un detalle musical que nos ha hecho llegar la voz cantante de Bluesmafia y se Saligardos, Miquel Prats Mar\u00ed, el primer v\u00eddeo de la formaci\u00f3n, que resulta que se hizo \u00edntegramente por gente del municipio.<\/p>\n","protected":false},"excerpt":{"rendered":"<p>En este v\u00eddeo encontrar\u00e1s alguna sorpresa y un detalle musical que nos ha hecho llegar la voz cantante de Bluesmafia y se Saligardos, Miquel Prats Mar\u00ed, el primer v\u00eddeo de la formaci\u00f3n, que resulta que se hizo \u00edntegramente por gente del municipio.<\/p>\n","protected":false},"author":1,"featured_media":785,"comment_status":"closed","ping_status":"closed","sticky":false,"template":"","format":"video","meta":{"footnotes":""},"categories":[26],"tags":[],"class_list":{"0":"post-491","1":"post","2":"type-post","3":"status-publish","4":"format-video","5":"has-post-thumbnail","7":"category-musica-baile-y-espectaculos","8":"post_format-post-format-video"},"yoast_head":"<!-- This site is optimized with the Yoast SEO plugin v24.0 - https:\/\/yoast.com\/wordpress\/plugins\/seo\/ -->\n<title>Bluesmafia i es Saligardos - A Sant Josep, tots a casa!<\/title>\n<meta name=\"robots\" content=\"index, follow, max-snippet:-1, max-image-preview:large, max-video-preview:-1\" \/>\n<link rel=\"canonical\" href=\"https:\/\/totsacasa.santjosep.org\/es\/musica-baile-y-espectaculos\/bluesmafia-i-es-saligardos\/\" \/>\n<meta property=\"og:locale\" content=\"es_ES\" \/>\n<meta property=\"og:type\" content=\"article\" \/>\n<meta property=\"og:title\" content=\"Bluesmafia i es Saligardos - A Sant Josep, tots a casa!\" \/>\n<meta property=\"og:description\" content=\"En este v\u00eddeo encontrar\u00e1s alguna sorpresa y un detalle musical que nos ha hecho llegar la voz cantante de Bluesmafia y se Saligardos, Miquel Prats Mar\u00ed, el primer v\u00eddeo de la formaci\u00f3n, que resulta que se hizo \u00edntegramente por gente del municipio.\" \/>\n<meta property=\"og:url\" content=\"https:\/\/totsacasa.santjosep.org\/es\/musica-baile-y-espectaculos\/bluesmafia-i-es-saligardos\/\" \/>\n<meta property=\"og:site_name\" content=\"A Sant Josep, tots a casa!\" \/>\n<meta property=\"article:published_time\" content=\"2020-05-02T08:05:17+00:00\" \/>\n<meta property=\"article:modified_time\" content=\"2020-05-04T10:49:40+00:00\" \/>\n<meta property=\"og:image\" content=\"https:\/\/totsacasa.santjosep.org\/wp-content\/uploads\/2020\/05\/bluesmafia-1.jpg\" \/>\n\t<meta property=\"og:image:width\" content=\"601\" \/>\n\t<meta property=\"og:image:height\" content=\"451\" \/>\n\t<meta property=\"og:image:type\" content=\"image\/jpeg\" \/>\n<meta name=\"author\" content=\"welove\" \/>\n<meta name=\"twitter:card\" content=\"summary_large_image\" \/>\n<meta name=\"twitter:label1\" content=\"Escrito por\" \/>\n\t<meta name=\"twitter:data1\" content=\"welove\" \/>\n<script type=\"application\/ld+json\" class=\"yoast-schema-graph\">{\"@context\":\"https:\/\/schema.org\",\"@graph\":[{\"@type\":\"Article\",\"@id\":\"https:\/\/totsacasa.santjosep.org\/es\/musica-baile-y-espectaculos\/bluesmafia-i-es-saligardos\/#article\",\"isPartOf\":{\"@id\":\"https:\/\/totsacasa.santjosep.org\/es\/musica-baile-y-espectaculos\/bluesmafia-i-es-saligardos\/\"},\"author\":{\"name\":\"welove\",\"@id\":\"https:\/\/totsacasa.santjosep.org\/#\/schema\/person\/7a42e96c8132f3b94bd1dd2ff86da995\"},\"headline\":\"Bluesmafia i es Saligardos\",\"datePublished\":\"2020-05-02T08:05:17+00:00\",\"dateModified\":\"2020-05-04T10:49:40+00:00\",\"mainEntityOfPage\":{\"@id\":\"https:\/\/totsacasa.santjosep.org\/es\/musica-baile-y-espectaculos\/bluesmafia-i-es-saligardos\/\"},\"wordCount\":50,\"publisher\":{\"@id\":\"https:\/\/totsacasa.santjosep.org\/#organization\"},\"image\":{\"@id\":\"https:\/\/totsacasa.santjosep.org\/es\/musica-baile-y-espectaculos\/bluesmafia-i-es-saligardos\/#primaryimage\"},\"thumbnailUrl\":\"https:\/\/totsacasa.santjosep.org\/wp-content\/uploads\/2020\/05\/bluesmafia-1.jpg\",\"articleSection\":[\"M\u00fasica, baile y espect\u00e1culos\"],\"inLanguage\":\"es\"},{\"@type\":\"WebPage\",\"@id\":\"https:\/\/totsacasa.santjosep.org\/es\/musica-baile-y-espectaculos\/bluesmafia-i-es-saligardos\/\",\"url\":\"https:\/\/totsacasa.santjosep.org\/es\/musica-baile-y-espectaculos\/bluesmafia-i-es-saligardos\/\",\"name\":\"Bluesmafia i es Saligardos - A Sant Josep, tots a casa!\",\"isPartOf\":{\"@id\":\"https:\/\/totsacasa.santjosep.org\/#website\"},\"primaryImageOfPage\":{\"@id\":\"https:\/\/totsacasa.santjosep.org\/es\/musica-baile-y-espectaculos\/bluesmafia-i-es-saligardos\/#primaryimage\"},\"image\":{\"@id\":\"https:\/\/totsacasa.santjosep.org\/es\/musica-baile-y-espectaculos\/bluesmafia-i-es-saligardos\/#primaryimage\"},\"thumbnailUrl\":\"https:\/\/totsacasa.santjosep.org\/wp-content\/uploads\/2020\/05\/bluesmafia-1.jpg\",\"datePublished\":\"2020-05-02T08:05:17+00:00\",\"dateModified\":\"2020-05-04T10:49:40+00:00\",\"breadcrumb\":{\"@id\":\"https:\/\/totsacasa.santjosep.org\/es\/musica-baile-y-espectaculos\/bluesmafia-i-es-saligardos\/#breadcrumb\"},\"inLanguage\":\"es\",\"potentialAction\":[{\"@type\":\"ReadAction\",\"target\":[\"https:\/\/totsacasa.santjosep.org\/es\/musica-baile-y-espectaculos\/bluesmafia-i-es-saligardos\/\"]}]},{\"@type\":\"ImageObject\",\"inLanguage\":\"es\",\"@id\":\"https:\/\/totsacasa.santjosep.org\/es\/musica-baile-y-espectaculos\/bluesmafia-i-es-saligardos\/#primaryimage\",\"url\":\"https:\/\/totsacasa.santjosep.org\/wp-content\/uploads\/2020\/05\/bluesmafia-1.jpg\",\"contentUrl\":\"https:\/\/totsacasa.santjosep.org\/wp-content\/uploads\/2020\/05\/bluesmafia-1.jpg\",\"width\":601,\"height\":451},{\"@type\":\"BreadcrumbList\",\"@id\":\"https:\/\/totsacasa.santjosep.org\/es\/musica-baile-y-espectaculos\/bluesmafia-i-es-saligardos\/#breadcrumb\",\"itemListElement\":[{\"@type\":\"ListItem\",\"position\":1,\"name\":\"Portada\",\"item\":\"https:\/\/totsacasa.santjosep.org\/es\/\"},{\"@type\":\"ListItem\",\"position\":2,\"name\":\"Bluesmafia i es Saligardos\"}]},{\"@type\":\"WebSite\",\"@id\":\"https:\/\/totsacasa.santjosep.org\/#website\",\"url\":\"https:\/\/totsacasa.santjosep.org\/\",\"name\":\"A Sant Josep, tots a casa!\",\"description\":\"\",\"publisher\":{\"@id\":\"https:\/\/totsacasa.santjosep.org\/#organization\"},\"potentialAction\":[{\"@type\":\"SearchAction\",\"target\":{\"@type\":\"EntryPoint\",\"urlTemplate\":\"https:\/\/totsacasa.santjosep.org\/?s={search_term_string}\"},\"query-input\":{\"@type\":\"PropertyValueSpecification\",\"valueRequired\":true,\"valueName\":\"search_term_string\"}}],\"inLanguage\":\"es\"},{\"@type\":\"Organization\",\"@id\":\"https:\/\/totsacasa.santjosep.org\/#organization\",\"name\":\"A Sant Josep tots a casa\",\"url\":\"https:\/\/totsacasa.santjosep.org\/\",\"logo\":{\"@type\":\"ImageObject\",\"inLanguage\":\"es\",\"@id\":\"https:\/\/totsacasa.santjosep.org\/#\/schema\/logo\/image\/\",\"url\":\"https:\/\/totsacasa.santjosep.org\/wp-content\/uploads\/2020\/04\/LogoSantJosep.png\",\"contentUrl\":\"https:\/\/totsacasa.santjosep.org\/wp-content\/uploads\/2020\/04\/LogoSantJosep.png\",\"width\":288,\"height\":288,\"caption\":\"A Sant Josep tots a casa\"},\"image\":{\"@id\":\"https:\/\/totsacasa.santjosep.org\/#\/schema\/logo\/image\/\"}},{\"@type\":\"Person\",\"@id\":\"https:\/\/totsacasa.santjosep.org\/#\/schema\/person\/7a42e96c8132f3b94bd1dd2ff86da995\",\"name\":\"welove\",\"image\":{\"@type\":\"ImageObject\",\"inLanguage\":\"es\",\"@id\":\"https:\/\/totsacasa.santjosep.org\/#\/schema\/person\/image\/\",\"url\":\"https:\/\/secure.gravatar.com\/avatar\/7b1ae1dc2daba60e90cca06e8c871ddb?s=96&d=mm&r=g\",\"contentUrl\":\"https:\/\/secure.gravatar.com\/avatar\/7b1ae1dc2daba60e90cca06e8c871ddb?s=96&d=mm&r=g\",\"caption\":\"welove\"},\"sameAs\":[\"https:\/\/totsacasa.santjosep.org\"]}]}<\/script>\n<!-- \/ Yoast SEO plugin. -->","yoast_head_json":{"title":"Bluesmafia i es Saligardos - A Sant Josep, tots a casa!","robots":{"index":"index","follow":"follow","max-snippet":"max-snippet:-1","max-image-preview":"max-image-preview:large","max-video-preview":"max-video-preview:-1"},"canonical":"https:\/\/totsacasa.santjosep.org\/es\/musica-baile-y-espectaculos\/bluesmafia-i-es-saligardos\/","og_locale":"es_ES","og_type":"article","og_title":"Bluesmafia i es Saligardos - A Sant Josep, tots a casa!","og_description":"En este v\u00eddeo encontrar\u00e1s alguna sorpresa y un detalle musical que nos ha hecho llegar la voz cantante de Bluesmafia y se Saligardos, Miquel Prats Mar\u00ed, el primer v\u00eddeo de la formaci\u00f3n, que resulta que se hizo \u00edntegramente por gente del municipio.","og_url":"https:\/\/totsacasa.santjosep.org\/es\/musica-baile-y-espectaculos\/bluesmafia-i-es-saligardos\/","og_site_name":"A Sant Josep, tots a casa!","article_published_time":"2020-05-02T08:05:17+00:00","article_modified_time":"2020-05-04T10:49:40+00:00","og_image":[{"width":601,"height":451,"url":"https:\/\/totsacasa.santjosep.org\/wp-content\/uploads\/2020\/05\/bluesmafia-1.jpg","type":"image\/jpeg"}],"author":"welove","twitter_card":"summary_large_image","twitter_misc":{"Escrito por":"welove"},"schema":{"@context":"https:\/\/schema.org","@graph":[{"@type":"Article","@id":"https:\/\/totsacasa.santjosep.org\/es\/musica-baile-y-espectaculos\/bluesmafia-i-es-saligardos\/#article","isPartOf":{"@id":"https:\/\/totsacasa.santjosep.org\/es\/musica-baile-y-espectaculos\/bluesmafia-i-es-saligardos\/"},"author":{"name":"welove","@id":"https:\/\/totsacasa.santjosep.org\/#\/schema\/person\/7a42e96c8132f3b94bd1dd2ff86da995"},"headline":"Bluesmafia i es Saligardos","datePublished":"2020-05-02T08:05:17+00:00","dateModified":"2020-05-04T10:49:40+00:00","mainEntityOfPage":{"@id":"https:\/\/totsacasa.santjosep.org\/es\/musica-baile-y-espectaculos\/bluesmafia-i-es-saligardos\/"},"wordCount":50,"publisher":{"@id":"https:\/\/totsacasa.santjosep.org\/#organization"},"image":{"@id":"https:\/\/totsacasa.santjosep.org\/es\/musica-baile-y-espectaculos\/bluesmafia-i-es-saligardos\/#primaryimage"},"thumbnailUrl":"https:\/\/totsacasa.santjosep.org\/wp-content\/uploads\/2020\/05\/bluesmafia-1.jpg","articleSection":["M\u00fasica, baile y espect\u00e1culos"],"inLanguage":"es"},{"@type":"WebPage","@id":"https:\/\/totsacasa.santjosep.org\/es\/musica-baile-y-espectaculos\/bluesmafia-i-es-saligardos\/","url":"https:\/\/totsacasa.santjosep.org\/es\/musica-baile-y-espectaculos\/bluesmafia-i-es-saligardos\/","name":"Bluesmafia i es Saligardos - A Sant Josep, tots a casa!","isPartOf":{"@id":"https:\/\/totsacasa.santjosep.org\/#website"},"primaryImageOfPage":{"@id":"https:\/\/totsacasa.santjosep.org\/es\/musica-baile-y-espectaculos\/bluesmafia-i-es-saligardos\/#primaryimage"},"image":{"@id":"https:\/\/totsacasa.santjosep.org\/es\/musica-baile-y-espectaculos\/bluesmafia-i-es-saligardos\/#primaryimage"},"thumbnailUrl":"https:\/\/totsacasa.santjosep.org\/wp-content\/uploads\/2020\/05\/bluesmafia-1.jpg","datePublished":"2020-05-02T08:05:17+00:00","dateModified":"2020-05-04T10:49:40+00:00","breadcrumb":{"@id":"https:\/\/totsacasa.santjosep.org\/es\/musica-baile-y-espectaculos\/bluesmafia-i-es-saligardos\/#breadcrumb"},"inLanguage":"es","potentialAction":[{"@type":"ReadAction","target":["https:\/\/totsacasa.santjosep.org\/es\/musica-baile-y-espectaculos\/bluesmafia-i-es-saligardos\/"]}]},{"@type":"ImageObject","inLanguage":"es","@id":"https:\/\/totsacasa.santjosep.org\/es\/musica-baile-y-espectaculos\/bluesmafia-i-es-saligardos\/#primaryimage","url":"https:\/\/totsacasa.santjosep.org\/wp-content\/uploads\/2020\/05\/bluesmafia-1.jpg","contentUrl":"https:\/\/totsacasa.santjosep.org\/wp-content\/uploads\/2020\/05\/bluesmafia-1.jpg","width":601,"height":451},{"@type":"BreadcrumbList","@id":"https:\/\/totsacasa.santjosep.org\/es\/musica-baile-y-espectaculos\/bluesmafia-i-es-saligardos\/#breadcrumb","itemListElement":[{"@type":"ListItem","position":1,"name":"Portada","item":"https:\/\/totsacasa.santjosep.org\/es\/"},{"@type":"ListItem","position":2,"name":"Bluesmafia i es Saligardos"}]},{"@type":"WebSite","@id":"https:\/\/totsacasa.santjosep.org\/#website","url":"https:\/\/totsacasa.santjosep.org\/","name":"A Sant Josep, tots a casa!","description":"","publisher":{"@id":"https:\/\/totsacasa.santjosep.org\/#organization"},"potentialAction":[{"@type":"SearchAction","target":{"@type":"EntryPoint","urlTemplate":"https:\/\/totsacasa.santjosep.org\/?s={search_term_string}"},"query-input":{"@type":"PropertyValueSpecification","valueRequired":true,"valueName":"search_term_string"}}],"inLanguage":"es"},{"@type":"Organization","@id":"https:\/\/totsacasa.santjosep.org\/#organization","name":"A Sant Josep tots a casa","url":"https:\/\/totsacasa.santjosep.org\/","logo":{"@type":"ImageObject","inLanguage":"es","@id":"https:\/\/totsacasa.santjosep.org\/#\/schema\/logo\/image\/","url":"https:\/\/totsacasa.santjosep.org\/wp-content\/uploads\/2020\/04\/LogoSantJosep.png","contentUrl":"https:\/\/totsacasa.santjosep.org\/wp-content\/uploads\/2020\/04\/LogoSantJosep.png","width":288,"height":288,"caption":"A Sant Josep tots a casa"},"image":{"@id":"https:\/\/totsacasa.santjosep.org\/#\/schema\/logo\/image\/"}},{"@type":"Person","@id":"https:\/\/totsacasa.santjosep.org\/#\/schema\/person\/7a42e96c8132f3b94bd1dd2ff86da995","name":"welove","image":{"@type":"ImageObject","inLanguage":"es","@id":"https:\/\/totsacasa.santjosep.org\/#\/schema\/person\/image\/","url":"https:\/\/secure.gravatar.com\/avatar\/7b1ae1dc2daba60e90cca06e8c871ddb?s=96&d=mm&r=g","contentUrl":"https:\/\/secure.gravatar.com\/avatar\/7b1ae1dc2daba60e90cca06e8c871ddb?s=96&d=mm&r=g","caption":"welove"},"sameAs":["https:\/\/totsacasa.santjosep.org"]}]}},"_links":{"self":[{"href":"https:\/\/totsacasa.santjosep.org\/es\/wp-json\/wp\/v2\/posts\/491","targetHints":{"allow":["GET"]}}],"collection":[{"href":"https:\/\/totsacasa.santjosep.org\/es\/wp-json\/wp\/v2\/posts"}],"about":[{"href":"https:\/\/totsacasa.santjosep.org\/es\/wp-json\/wp\/v2\/types\/post"}],"author":[{"embeddable":true,"href":"https:\/\/totsacasa.santjosep.org\/es\/wp-json\/wp\/v2\/users\/1"}],"replies":[{"embeddable":true,"href":"https:\/\/totsacasa.santjosep.org\/es\/wp-json\/wp\/v2\/comments?post=491"}],"version-history":[{"count":2,"href":"https:\/\/totsacasa.santjosep.org\/es\/wp-json\/wp\/v2\/posts\/491\/revisions"}],"predecessor-version":[{"id":787,"href":"https:\/\/totsacasa.santjosep.org\/es\/wp-json\/wp\/v2\/posts\/491\/revisions\/787"}],"wp:featuredmedia":[{"embeddable":true,"href":"https:\/\/totsacasa.santjosep.org\/es\/wp-json\/wp\/v2\/media\/785"}],"wp:attachment":[{"href":"https:\/\/totsacasa.santjosep.org\/es\/wp-json\/wp\/v2\/media?parent=491"}],"wp:term":[{"taxonomy":"category","embeddable":true,"href":"https:\/\/totsacasa.santjosep.org\/es\/wp-json\/wp\/v2\/categories?post=491"},{"taxonomy":"post_tag","embeddable":true,"href":"https:\/\/totsacasa.santjosep.org\/es\/wp-json\/wp\/v2\/tags?post=491"}],"curies":[{"name":"wp","href":"https:\/\/api.w.org\/{rel}","templated":true}]}}