{"id":1509,"date":"2020-06-22T12:19:45","date_gmt":"2020-06-22T10:19:45","guid":{"rendered":"https:\/\/totsacasa.santjosep.org\/sin-categorizar\/concerts-a-la-cabana-blue-yatoo\/"},"modified":"2020-06-22T12:23:16","modified_gmt":"2020-06-22T10:23:16","slug":"concerts-a-la-cabana-blue-yatoo","status":"publish","type":"post","link":"https:\/\/totsacasa.santjosep.org\/es\/musica-baile-y-espectaculos\/concerts-a-la-cabana-blue-yatoo\/","title":{"rendered":"&#8216;Concerts a la cabana&#8217;  &#8211;  Blue Yatoo"},"content":{"rendered":"[vc_row type=\u00bbin_container\u00bb full_screen_row_position=\u00bbmiddle\u00bb column_margin=\u00bbdefault\u00bb column_direction=\u00bbdefault\u00bb column_direction_tablet=\u00bbdefault\u00bb column_direction_phone=\u00bbdefault\u00bb scene_position=\u00bbcenter\u00bb text_color=\u00bbdark\u00bb text_align=\u00bbleft\u00bb row_border_radius=\u00bbnone\u00bb row_border_radius_applies=\u00bbbg\u00bb overlay_strength=\u00bb0.3&#8243; gradient_direction=\u00bbleft_to_right\u00bb shape_divider_position=\u00bbbottom\u00bb bg_image_animation=\u00bbnone\u00bb][vc_column column_padding=\u00bbno-extra-padding\u00bb column_padding_tablet=\u00bbinherit\u00bb column_padding_phone=\u00bbinherit\u00bb column_padding_position=\u00bball\u00bb background_color_opacity=\u00bb1&#8243; background_hover_color_opacity=\u00bb1&#8243; column_shadow=\u00bbnone\u00bb column_border_radius=\u00bbnone\u00bb column_link_target=\u00bb_self\u00bb gradient_direction=\u00bbleft_to_right\u00bb overlay_strength=\u00bb0.3&#8243; width=\u00bb1\/1&#8243; tablet_width_inherit=\u00bbdefault\u00bb tablet_text_alignment=\u00bbdefault\u00bb phone_text_alignment=\u00bbdefault\u00bb column_border_width=\u00bbnone\u00bb column_border_style=\u00bbsolid\u00bb bg_image_animation=\u00bbnone\u00bb][vc_column_text]Acabamos este ciclo con el blues de\u00a0Blue\u00a0Yatoo\u00a0y con un agradecimiento sincero a todos los que hab\u00e9is seguido estas sesiones a la caba\u00f1a, la manera con que hemos querido acompa\u00f1ar la cuenta atr\u00e1s hacia la nueva normalidad en esta fecha que es tambi\u00e9n la Fiesta de la M\u00fasica un d\u00eda para reivindicar las actuaciones en directo.[\/vc_column_text][\/vc_column][\/vc_row][vc_row type=\u00bbin_container\u00bb full_screen_row_position=\u00bbmiddle\u00bb column_margin=\u00bbdefault\u00bb column_direction=\u00bbdefault\u00bb column_direction_tablet=\u00bbdefault\u00bb column_direction_phone=\u00bbdefault\u00bb scene_position=\u00bbcenter\u00bb text_color=\u00bbdark\u00bb text_align=\u00bbleft\u00bb row_border_radius=\u00bbnone\u00bb row_border_radius_applies=\u00bbbg\u00bb overlay_strength=\u00bb0.3&#8243; gradient_direction=\u00bbleft_to_right\u00bb shape_divider_position=\u00bbbottom\u00bb bg_image_animation=\u00bbnone\u00bb][vc_column column_padding=\u00bbno-extra-padding\u00bb column_padding_tablet=\u00bbinherit\u00bb column_padding_phone=\u00bbinherit\u00bb column_padding_position=\u00bball\u00bb background_color_opacity=\u00bb1&#8243; background_hover_color_opacity=\u00bb1&#8243; column_shadow=\u00bbnone\u00bb column_border_radius=\u00bbnone\u00bb column_link_target=\u00bb_self\u00bb gradient_direction=\u00bbleft_to_right\u00bb overlay_strength=\u00bb0.3&#8243; width=\u00bb1\/1&#8243; tablet_width_inherit=\u00bbdefault\u00bb tablet_text_alignment=\u00bbdefault\u00bb phone_text_alignment=\u00bbdefault\u00bb column_border_width=\u00bbnone\u00bb column_border_style=\u00bbsolid\u00bb bg_image_animation=\u00bbnone\u00bb][vc_video link=\u00bbhttps:\/\/youtu.be\/5BGOf1ZRap4&#8243;][\/vc_column][\/vc_row]\n","protected":false},"excerpt":{"rendered":"<p>&#8216;Concerts a la cabana&#8217; per la Fiesta de la M\u00fasica en Sant Josep, con Blue Yatoo<\/p>\n","protected":false},"author":1,"featured_media":1508,"comment_status":"closed","ping_status":"closed","sticky":false,"template":"","format":"standard","meta":{"footnotes":""},"categories":[26],"tags":[],"class_list":{"0":"post-1509","1":"post","2":"type-post","3":"status-publish","4":"format-standard","5":"has-post-thumbnail","7":"category-musica-baile-y-espectaculos"},"yoast_head":"<!-- This site is optimized with the Yoast SEO plugin v24.0 - https:\/\/yoast.com\/wordpress\/plugins\/seo\/ -->\n<title>&#039;Concerts a la cabana&#039; - Blue Yatoo - A Sant Josep, tots a casa!<\/title>\n<meta name=\"robots\" content=\"index, follow, max-snippet:-1, max-image-preview:large, max-video-preview:-1\" \/>\n<link rel=\"canonical\" href=\"https:\/\/totsacasa.santjosep.org\/es\/musica-baile-y-espectaculos\/concerts-a-la-cabana-blue-yatoo\/\" \/>\n<meta property=\"og:locale\" content=\"es_ES\" \/>\n<meta property=\"og:type\" content=\"article\" \/>\n<meta property=\"og:title\" content=\"&#039;Concerts a la cabana&#039; - Blue Yatoo - A Sant Josep, tots a casa!\" \/>\n<meta property=\"og:description\" content=\"&#039;Concerts a la cabana&#039; per la Fiesta de la M\u00fasica en Sant Josep, con Blue Yatoo\" \/>\n<meta property=\"og:url\" content=\"https:\/\/totsacasa.santjosep.org\/es\/musica-baile-y-espectaculos\/concerts-a-la-cabana-blue-yatoo\/\" \/>\n<meta property=\"og:site_name\" content=\"A Sant Josep, tots a casa!\" \/>\n<meta property=\"article:published_time\" content=\"2020-06-22T10:19:45+00:00\" \/>\n<meta property=\"article:modified_time\" content=\"2020-06-22T10:23:16+00:00\" \/>\n<meta property=\"og:image\" content=\"https:\/\/totsacasa.santjosep.org\/wp-content\/uploads\/2020\/06\/Captura-de-pantalla-2020-06-22-a-las-12.17.49.jpg\" \/>\n\t<meta property=\"og:image:width\" content=\"1600\" \/>\n\t<meta property=\"og:image:height\" content=\"900\" \/>\n\t<meta property=\"og:image:type\" content=\"image\/jpeg\" \/>\n<meta name=\"author\" content=\"welove\" \/>\n<meta name=\"twitter:card\" content=\"summary_large_image\" \/>\n<meta name=\"twitter:label1\" content=\"Escrito por\" \/>\n\t<meta name=\"twitter:data1\" content=\"welove\" \/>\n\t<meta name=\"twitter:label2\" content=\"Tiempo de lectura\" \/>\n\t<meta name=\"twitter:data2\" content=\"2 minutos\" \/>\n<script type=\"application\/ld+json\" class=\"yoast-schema-graph\">{\"@context\":\"https:\/\/schema.org\",\"@graph\":[{\"@type\":\"Article\",\"@id\":\"https:\/\/totsacasa.santjosep.org\/es\/musica-baile-y-espectaculos\/concerts-a-la-cabana-blue-yatoo\/#article\",\"isPartOf\":{\"@id\":\"https:\/\/totsacasa.santjosep.org\/es\/musica-baile-y-espectaculos\/concerts-a-la-cabana-blue-yatoo\/\"},\"author\":{\"name\":\"welove\",\"@id\":\"https:\/\/totsacasa.santjosep.org\/#\/schema\/person\/7a42e96c8132f3b94bd1dd2ff86da995\"},\"headline\":\"&#8216;Concerts a la cabana&#8217; &#8211; Blue Yatoo\",\"datePublished\":\"2020-06-22T10:19:45+00:00\",\"dateModified\":\"2020-06-22T10:23:16+00:00\",\"mainEntityOfPage\":{\"@id\":\"https:\/\/totsacasa.santjosep.org\/es\/musica-baile-y-espectaculos\/concerts-a-la-cabana-blue-yatoo\/\"},\"wordCount\":342,\"publisher\":{\"@id\":\"https:\/\/totsacasa.santjosep.org\/#organization\"},\"image\":{\"@id\":\"https:\/\/totsacasa.santjosep.org\/es\/musica-baile-y-espectaculos\/concerts-a-la-cabana-blue-yatoo\/#primaryimage\"},\"thumbnailUrl\":\"https:\/\/totsacasa.santjosep.org\/wp-content\/uploads\/2020\/06\/Captura-de-pantalla-2020-06-22-a-las-12.17.49.jpg\",\"articleSection\":[\"M\u00fasica, baile y espect\u00e1culos\"],\"inLanguage\":\"es\"},{\"@type\":\"WebPage\",\"@id\":\"https:\/\/totsacasa.santjosep.org\/es\/musica-baile-y-espectaculos\/concerts-a-la-cabana-blue-yatoo\/\",\"url\":\"https:\/\/totsacasa.santjosep.org\/es\/musica-baile-y-espectaculos\/concerts-a-la-cabana-blue-yatoo\/\",\"name\":\"'Concerts a la cabana' - Blue Yatoo - A Sant Josep, tots a casa!\",\"isPartOf\":{\"@id\":\"https:\/\/totsacasa.santjosep.org\/#website\"},\"primaryImageOfPage\":{\"@id\":\"https:\/\/totsacasa.santjosep.org\/es\/musica-baile-y-espectaculos\/concerts-a-la-cabana-blue-yatoo\/#primaryimage\"},\"image\":{\"@id\":\"https:\/\/totsacasa.santjosep.org\/es\/musica-baile-y-espectaculos\/concerts-a-la-cabana-blue-yatoo\/#primaryimage\"},\"thumbnailUrl\":\"https:\/\/totsacasa.santjosep.org\/wp-content\/uploads\/2020\/06\/Captura-de-pantalla-2020-06-22-a-las-12.17.49.jpg\",\"datePublished\":\"2020-06-22T10:19:45+00:00\",\"dateModified\":\"2020-06-22T10:23:16+00:00\",\"breadcrumb\":{\"@id\":\"https:\/\/totsacasa.santjosep.org\/es\/musica-baile-y-espectaculos\/concerts-a-la-cabana-blue-yatoo\/#breadcrumb\"},\"inLanguage\":\"es\",\"potentialAction\":[{\"@type\":\"ReadAction\",\"target\":[\"https:\/\/totsacasa.santjosep.org\/es\/musica-baile-y-espectaculos\/concerts-a-la-cabana-blue-yatoo\/\"]}]},{\"@type\":\"ImageObject\",\"inLanguage\":\"es\",\"@id\":\"https:\/\/totsacasa.santjosep.org\/es\/musica-baile-y-espectaculos\/concerts-a-la-cabana-blue-yatoo\/#primaryimage\",\"url\":\"https:\/\/totsacasa.santjosep.org\/wp-content\/uploads\/2020\/06\/Captura-de-pantalla-2020-06-22-a-las-12.17.49.jpg\",\"contentUrl\":\"https:\/\/totsacasa.santjosep.org\/wp-content\/uploads\/2020\/06\/Captura-de-pantalla-2020-06-22-a-las-12.17.49.jpg\",\"width\":1600,\"height\":900},{\"@type\":\"BreadcrumbList\",\"@id\":\"https:\/\/totsacasa.santjosep.org\/es\/musica-baile-y-espectaculos\/concerts-a-la-cabana-blue-yatoo\/#breadcrumb\",\"itemListElement\":[{\"@type\":\"ListItem\",\"position\":1,\"name\":\"Portada\",\"item\":\"https:\/\/totsacasa.santjosep.org\/es\/\"},{\"@type\":\"ListItem\",\"position\":2,\"name\":\"&#8216;Concerts a la cabana&#8217; &#8211; Blue Yatoo\"}]},{\"@type\":\"WebSite\",\"@id\":\"https:\/\/totsacasa.santjosep.org\/#website\",\"url\":\"https:\/\/totsacasa.santjosep.org\/\",\"name\":\"A Sant Josep, tots a casa!\",\"description\":\"\",\"publisher\":{\"@id\":\"https:\/\/totsacasa.santjosep.org\/#organization\"},\"potentialAction\":[{\"@type\":\"SearchAction\",\"target\":{\"@type\":\"EntryPoint\",\"urlTemplate\":\"https:\/\/totsacasa.santjosep.org\/?s={search_term_string}\"},\"query-input\":{\"@type\":\"PropertyValueSpecification\",\"valueRequired\":true,\"valueName\":\"search_term_string\"}}],\"inLanguage\":\"es\"},{\"@type\":\"Organization\",\"@id\":\"https:\/\/totsacasa.santjosep.org\/#organization\",\"name\":\"A Sant Josep tots a casa\",\"url\":\"https:\/\/totsacasa.santjosep.org\/\",\"logo\":{\"@type\":\"ImageObject\",\"inLanguage\":\"es\",\"@id\":\"https:\/\/totsacasa.santjosep.org\/#\/schema\/logo\/image\/\",\"url\":\"https:\/\/totsacasa.santjosep.org\/wp-content\/uploads\/2020\/04\/LogoSantJosep.png\",\"contentUrl\":\"https:\/\/totsacasa.santjosep.org\/wp-content\/uploads\/2020\/04\/LogoSantJosep.png\",\"width\":288,\"height\":288,\"caption\":\"A Sant Josep tots a casa\"},\"image\":{\"@id\":\"https:\/\/totsacasa.santjosep.org\/#\/schema\/logo\/image\/\"}},{\"@type\":\"Person\",\"@id\":\"https:\/\/totsacasa.santjosep.org\/#\/schema\/person\/7a42e96c8132f3b94bd1dd2ff86da995\",\"name\":\"welove\",\"image\":{\"@type\":\"ImageObject\",\"inLanguage\":\"es\",\"@id\":\"https:\/\/totsacasa.santjosep.org\/#\/schema\/person\/image\/\",\"url\":\"https:\/\/secure.gravatar.com\/avatar\/7b1ae1dc2daba60e90cca06e8c871ddb?s=96&d=mm&r=g\",\"contentUrl\":\"https:\/\/secure.gravatar.com\/avatar\/7b1ae1dc2daba60e90cca06e8c871ddb?s=96&d=mm&r=g\",\"caption\":\"welove\"},\"sameAs\":[\"https:\/\/totsacasa.santjosep.org\"]}]}<\/script>\n<!-- \/ Yoast SEO plugin. -->","yoast_head_json":{"title":"'Concerts a la cabana' - Blue Yatoo - A Sant Josep, tots a casa!","robots":{"index":"index","follow":"follow","max-snippet":"max-snippet:-1","max-image-preview":"max-image-preview:large","max-video-preview":"max-video-preview:-1"},"canonical":"https:\/\/totsacasa.santjosep.org\/es\/musica-baile-y-espectaculos\/concerts-a-la-cabana-blue-yatoo\/","og_locale":"es_ES","og_type":"article","og_title":"'Concerts a la cabana' - Blue Yatoo - A Sant Josep, tots a casa!","og_description":"'Concerts a la cabana' per la Fiesta de la M\u00fasica en Sant Josep, con Blue Yatoo","og_url":"https:\/\/totsacasa.santjosep.org\/es\/musica-baile-y-espectaculos\/concerts-a-la-cabana-blue-yatoo\/","og_site_name":"A Sant Josep, tots a casa!","article_published_time":"2020-06-22T10:19:45+00:00","article_modified_time":"2020-06-22T10:23:16+00:00","og_image":[{"width":1600,"height":900,"url":"https:\/\/totsacasa.santjosep.org\/wp-content\/uploads\/2020\/06\/Captura-de-pantalla-2020-06-22-a-las-12.17.49.jpg","type":"image\/jpeg"}],"author":"welove","twitter_card":"summary_large_image","twitter_misc":{"Escrito por":"welove","Tiempo de lectura":"2 minutos"},"schema":{"@context":"https:\/\/schema.org","@graph":[{"@type":"Article","@id":"https:\/\/totsacasa.santjosep.org\/es\/musica-baile-y-espectaculos\/concerts-a-la-cabana-blue-yatoo\/#article","isPartOf":{"@id":"https:\/\/totsacasa.santjosep.org\/es\/musica-baile-y-espectaculos\/concerts-a-la-cabana-blue-yatoo\/"},"author":{"name":"welove","@id":"https:\/\/totsacasa.santjosep.org\/#\/schema\/person\/7a42e96c8132f3b94bd1dd2ff86da995"},"headline":"&#8216;Concerts a la cabana&#8217; &#8211; Blue Yatoo","datePublished":"2020-06-22T10:19:45+00:00","dateModified":"2020-06-22T10:23:16+00:00","mainEntityOfPage":{"@id":"https:\/\/totsacasa.santjosep.org\/es\/musica-baile-y-espectaculos\/concerts-a-la-cabana-blue-yatoo\/"},"wordCount":342,"publisher":{"@id":"https:\/\/totsacasa.santjosep.org\/#organization"},"image":{"@id":"https:\/\/totsacasa.santjosep.org\/es\/musica-baile-y-espectaculos\/concerts-a-la-cabana-blue-yatoo\/#primaryimage"},"thumbnailUrl":"https:\/\/totsacasa.santjosep.org\/wp-content\/uploads\/2020\/06\/Captura-de-pantalla-2020-06-22-a-las-12.17.49.jpg","articleSection":["M\u00fasica, baile y espect\u00e1culos"],"inLanguage":"es"},{"@type":"WebPage","@id":"https:\/\/totsacasa.santjosep.org\/es\/musica-baile-y-espectaculos\/concerts-a-la-cabana-blue-yatoo\/","url":"https:\/\/totsacasa.santjosep.org\/es\/musica-baile-y-espectaculos\/concerts-a-la-cabana-blue-yatoo\/","name":"'Concerts a la cabana' - Blue Yatoo - A Sant Josep, tots a casa!","isPartOf":{"@id":"https:\/\/totsacasa.santjosep.org\/#website"},"primaryImageOfPage":{"@id":"https:\/\/totsacasa.santjosep.org\/es\/musica-baile-y-espectaculos\/concerts-a-la-cabana-blue-yatoo\/#primaryimage"},"image":{"@id":"https:\/\/totsacasa.santjosep.org\/es\/musica-baile-y-espectaculos\/concerts-a-la-cabana-blue-yatoo\/#primaryimage"},"thumbnailUrl":"https:\/\/totsacasa.santjosep.org\/wp-content\/uploads\/2020\/06\/Captura-de-pantalla-2020-06-22-a-las-12.17.49.jpg","datePublished":"2020-06-22T10:19:45+00:00","dateModified":"2020-06-22T10:23:16+00:00","breadcrumb":{"@id":"https:\/\/totsacasa.santjosep.org\/es\/musica-baile-y-espectaculos\/concerts-a-la-cabana-blue-yatoo\/#breadcrumb"},"inLanguage":"es","potentialAction":[{"@type":"ReadAction","target":["https:\/\/totsacasa.santjosep.org\/es\/musica-baile-y-espectaculos\/concerts-a-la-cabana-blue-yatoo\/"]}]},{"@type":"ImageObject","inLanguage":"es","@id":"https:\/\/totsacasa.santjosep.org\/es\/musica-baile-y-espectaculos\/concerts-a-la-cabana-blue-yatoo\/#primaryimage","url":"https:\/\/totsacasa.santjosep.org\/wp-content\/uploads\/2020\/06\/Captura-de-pantalla-2020-06-22-a-las-12.17.49.jpg","contentUrl":"https:\/\/totsacasa.santjosep.org\/wp-content\/uploads\/2020\/06\/Captura-de-pantalla-2020-06-22-a-las-12.17.49.jpg","width":1600,"height":900},{"@type":"BreadcrumbList","@id":"https:\/\/totsacasa.santjosep.org\/es\/musica-baile-y-espectaculos\/concerts-a-la-cabana-blue-yatoo\/#breadcrumb","itemListElement":[{"@type":"ListItem","position":1,"name":"Portada","item":"https:\/\/totsacasa.santjosep.org\/es\/"},{"@type":"ListItem","position":2,"name":"&#8216;Concerts a la cabana&#8217; &#8211; Blue Yatoo"}]},{"@type":"WebSite","@id":"https:\/\/totsacasa.santjosep.org\/#website","url":"https:\/\/totsacasa.santjosep.org\/","name":"A Sant Josep, tots a casa!","description":"","publisher":{"@id":"https:\/\/totsacasa.santjosep.org\/#organization"},"potentialAction":[{"@type":"SearchAction","target":{"@type":"EntryPoint","urlTemplate":"https:\/\/totsacasa.santjosep.org\/?s={search_term_string}"},"query-input":{"@type":"PropertyValueSpecification","valueRequired":true,"valueName":"search_term_string"}}],"inLanguage":"es"},{"@type":"Organization","@id":"https:\/\/totsacasa.santjosep.org\/#organization","name":"A Sant Josep tots a casa","url":"https:\/\/totsacasa.santjosep.org\/","logo":{"@type":"ImageObject","inLanguage":"es","@id":"https:\/\/totsacasa.santjosep.org\/#\/schema\/logo\/image\/","url":"https:\/\/totsacasa.santjosep.org\/wp-content\/uploads\/2020\/04\/LogoSantJosep.png","contentUrl":"https:\/\/totsacasa.santjosep.org\/wp-content\/uploads\/2020\/04\/LogoSantJosep.png","width":288,"height":288,"caption":"A Sant Josep tots a casa"},"image":{"@id":"https:\/\/totsacasa.santjosep.org\/#\/schema\/logo\/image\/"}},{"@type":"Person","@id":"https:\/\/totsacasa.santjosep.org\/#\/schema\/person\/7a42e96c8132f3b94bd1dd2ff86da995","name":"welove","image":{"@type":"ImageObject","inLanguage":"es","@id":"https:\/\/totsacasa.santjosep.org\/#\/schema\/person\/image\/","url":"https:\/\/secure.gravatar.com\/avatar\/7b1ae1dc2daba60e90cca06e8c871ddb?s=96&d=mm&r=g","contentUrl":"https:\/\/secure.gravatar.com\/avatar\/7b1ae1dc2daba60e90cca06e8c871ddb?s=96&d=mm&r=g","caption":"welove"},"sameAs":["https:\/\/totsacasa.santjosep.org"]}]}},"_links":{"self":[{"href":"https:\/\/totsacasa.santjosep.org\/es\/wp-json\/wp\/v2\/posts\/1509","targetHints":{"allow":["GET"]}}],"collection":[{"href":"https:\/\/totsacasa.santjosep.org\/es\/wp-json\/wp\/v2\/posts"}],"about":[{"href":"https:\/\/totsacasa.santjosep.org\/es\/wp-json\/wp\/v2\/types\/post"}],"author":[{"embeddable":true,"href":"https:\/\/totsacasa.santjosep.org\/es\/wp-json\/wp\/v2\/users\/1"}],"replies":[{"embeddable":true,"href":"https:\/\/totsacasa.santjosep.org\/es\/wp-json\/wp\/v2\/comments?post=1509"}],"version-history":[{"count":2,"href":"https:\/\/totsacasa.santjosep.org\/es\/wp-json\/wp\/v2\/posts\/1509\/revisions"}],"predecessor-version":[{"id":1511,"href":"https:\/\/totsacasa.santjosep.org\/es\/wp-json\/wp\/v2\/posts\/1509\/revisions\/1511"}],"wp:featuredmedia":[{"embeddable":true,"href":"https:\/\/totsacasa.santjosep.org\/es\/wp-json\/wp\/v2\/media\/1508"}],"wp:attachment":[{"href":"https:\/\/totsacasa.santjosep.org\/es\/wp-json\/wp\/v2\/media?parent=1509"}],"wp:term":[{"taxonomy":"category","embeddable":true,"href":"https:\/\/totsacasa.santjosep.org\/es\/wp-json\/wp\/v2\/categories?post=1509"},{"taxonomy":"post_tag","embeddable":true,"href":"https:\/\/totsacasa.santjosep.org\/es\/wp-json\/wp\/v2\/tags?post=1509"}],"curies":[{"name":"wp","href":"https:\/\/api.w.org\/{rel}","templated":true}]}}