{"id":1118,"date":"2020-05-14T09:04:53","date_gmt":"2020-05-14T07:04:53","guid":{"rendered":"https:\/\/totsacasa.santjosep.org\/sin-categorizar\/guanyadors-del-i-concurs-de-microrelats-del-confinament\/"},"modified":"2020-05-15T09:13:58","modified_gmt":"2020-05-15T07:13:58","slug":"guanyadors-del-i-concurs-de-microrelats-del-confinament","status":"publish","type":"post","link":"https:\/\/totsacasa.santjosep.org\/es\/concursos\/guanyadors-del-i-concurs-de-microrelats-del-confinament\/","title":{"rendered":"Ganadores del I Concurso de Microrelatos del Confinamento"},"content":{"rendered":"[vc_row type=\u00bbin_container\u00bb full_screen_row_position=\u00bbmiddle\u00bb column_margin=\u00bbdefault\u00bb column_direction=\u00bbdefault\u00bb column_direction_tablet=\u00bbdefault\u00bb column_direction_phone=\u00bbdefault\u00bb scene_position=\u00bbcenter\u00bb text_color=\u00bbdark\u00bb text_align=\u00bbleft\u00bb row_border_radius=\u00bbnone\u00bb row_border_radius_applies=\u00bbbg\u00bb overlay_strength=\u00bb0.3&#8243; gradient_direction=\u00bbleft_to_right\u00bb shape_divider_position=\u00bbbottom\u00bb bg_image_animation=\u00bbnone\u00bb][vc_column column_padding=\u00bbno-extra-padding\u00bb column_padding_tablet=\u00bbinherit\u00bb column_padding_phone=\u00bbinherit\u00bb column_padding_position=\u00bball\u00bb background_color_opacity=\u00bb1&#8243; background_hover_color_opacity=\u00bb1&#8243; column_shadow=\u00bbnone\u00bb column_border_radius=\u00bbnone\u00bb column_link_target=\u00bb_self\u00bb gradient_direction=\u00bbleft_to_right\u00bb overlay_strength=\u00bb0.3&#8243; width=\u00bb1\/1&#8243; tablet_width_inherit=\u00bbdefault\u00bb tablet_text_alignment=\u00bbdefault\u00bb phone_text_alignment=\u00bbdefault\u00bb column_border_width=\u00bbnone\u00bb column_border_style=\u00bbsolid\u00bb bg_image_animation=\u00bbnone\u00bb][image_with_animation image_url=\u00bb619&#8243; animation=\u00bbFade In\u00bb hover_animation=\u00bbnone\u00bb alignment=\u00bb\u00bb border_radius=\u00bbnone\u00bb box_shadow=\u00bbnone\u00bb image_loading=\u00bbdefault\u00bb max_width=\u00bb100%\u00bb max_width_mobile=\u00bbdefault\u00bb][\/vc_column][\/vc_row][vc_row type=\u00bbin_container\u00bb full_screen_row_position=\u00bbmiddle\u00bb column_margin=\u00bbdefault\u00bb column_direction=\u00bbdefault\u00bb column_direction_tablet=\u00bbdefault\u00bb column_direction_phone=\u00bbdefault\u00bb scene_position=\u00bbcenter\u00bb text_color=\u00bbdark\u00bb text_align=\u00bbleft\u00bb row_border_radius=\u00bbnone\u00bb row_border_radius_applies=\u00bbbg\u00bb overlay_strength=\u00bb0.3&#8243; gradient_direction=\u00bbleft_to_right\u00bb shape_divider_position=\u00bbbottom\u00bb bg_image_animation=\u00bbnone\u00bb][vc_column column_padding=\u00bbno-extra-padding\u00bb column_padding_tablet=\u00bbinherit\u00bb column_padding_phone=\u00bbinherit\u00bb column_padding_position=\u00bball\u00bb background_color_opacity=\u00bb1&#8243; background_hover_color_opacity=\u00bb1&#8243; column_shadow=\u00bbnone\u00bb column_border_radius=\u00bbnone\u00bb column_link_target=\u00bb_self\u00bb gradient_direction=\u00bbleft_to_right\u00bb overlay_strength=\u00bb0.3&#8243; width=\u00bb1\/1&#8243; tablet_width_inherit=\u00bbdefault\u00bb tablet_text_alignment=\u00bbdefault\u00bb phone_text_alignment=\u00bbdefault\u00bb column_border_width=\u00bbnone\u00bb column_border_style=\u00bbsolid\u00bb bg_image_animation=\u00bbnone\u00bb][vc_column_text]El Ayuntamiento de Sant Josep ha dado a conocer los ganadores del I Concurso de Microrrelatos del Confinamiento, organizado con motivo del pasado d\u00eda de Sant Jordi y dentro de los actos de celebraci\u00f3n virtual de este d\u00eda. Para este concurso se recibieron un total de 52 escritos, los que la concejala de Cultura, Cristina Ribas, ha destacado \u00abel buen nivel aunque los requisitos para participar no eran sencillos y hab\u00eda poco tiempo para presentar las obras \u00bb.<\/p>\n<p>La primera condici\u00f3n que deb\u00edan cumplir es que el escrito no pasara de los 600 caracteres. La segunda era que la historia deb\u00edan aparecer las palabras &#8216;esgarinzador&#8217;, &#8216;garrida&#8217;, &#8216;baldraca&#8217; &#8216;reminyola&#8217;, todos ellos considerados propios y muy arraigados en el habla del municipio San Jos\u00e9. Por \u00faltimo, todos deb\u00edan versar sobre la tem\u00e1tica propuesta del confinamento.<\/p>\n<p>&nbsp;<\/p>\n<p><a href=\"https:\/\/totsacasa.santjosep.org\/wp-content\/uploads\/2020\/05\/Confinades-una-volta-me\u0301s.pdf\"><strong>Confinades una volta m\u00e9s<\/strong><\/a><\/p>\n<p><strong><a href=\"https:\/\/totsacasa.santjosep.org\/wp-content\/uploads\/2020\/05\/Confinaroic-.pdf\">Confinaroic<\/a><\/strong><\/p>\n<p><a href=\"https:\/\/totsacasa.santjosep.org\/wp-content\/uploads\/2020\/05\/Sense-saber-ben-be\u0301-per-que\u0300.pdf\"><strong>Sense saber ben b\u00e9 per qu\u00e8<\/strong><\/a>[\/vc_column_text][\/vc_column][\/vc_row]\n","protected":false},"excerpt":{"rendered":"<p>El Ayuntamiento de Sant Josep ha dado a conocer los ganadores del I Concurso de Microrrelatos del Confinamiento, organizado con motivo del pasado d\u00eda de Sant Jordi y dentro de los actos de celebraci\u00f3n virtual de este d\u00eda. Para este concurso se recibieron un total de 52 escritos<\/p>\n","protected":false},"author":1,"featured_media":1117,"comment_status":"closed","ping_status":"closed","sticky":false,"template":"","format":"standard","meta":{"footnotes":""},"categories":[29],"tags":[],"class_list":{"0":"post-1118","1":"post","2":"type-post","3":"status-publish","4":"format-standard","5":"has-post-thumbnail","7":"category-concursos"},"yoast_head":"<!-- This site is optimized with the Yoast SEO plugin v24.0 - https:\/\/yoast.com\/wordpress\/plugins\/seo\/ -->\n<title>Ganadores del I Concurso de Microrelatos del Confinamento - A Sant Josep, tots a casa!<\/title>\n<meta name=\"robots\" content=\"index, follow, max-snippet:-1, max-image-preview:large, max-video-preview:-1\" \/>\n<link rel=\"canonical\" href=\"https:\/\/totsacasa.santjosep.org\/es\/concursos\/guanyadors-del-i-concurs-de-microrelats-del-confinament\/\" \/>\n<meta property=\"og:locale\" content=\"es_ES\" \/>\n<meta property=\"og:type\" content=\"article\" \/>\n<meta property=\"og:title\" content=\"Ganadores del I Concurso de Microrelatos del Confinamento - A Sant Josep, tots a casa!\" \/>\n<meta property=\"og:description\" content=\"El Ayuntamiento de Sant Josep ha dado a conocer los ganadores del I Concurso de Microrrelatos del Confinamiento, organizado con motivo del pasado d\u00eda de Sant Jordi y dentro de los actos de celebraci\u00f3n virtual de este d\u00eda. Para este concurso se recibieron un total de 52 escritos\" \/>\n<meta property=\"og:url\" content=\"https:\/\/totsacasa.santjosep.org\/es\/concursos\/guanyadors-del-i-concurs-de-microrelats-del-confinament\/\" \/>\n<meta property=\"og:site_name\" content=\"A Sant Josep, tots a casa!\" \/>\n<meta property=\"article:published_time\" content=\"2020-05-14T07:04:53+00:00\" \/>\n<meta property=\"article:modified_time\" content=\"2020-05-15T07:13:58+00:00\" \/>\n<meta property=\"og:image\" content=\"https:\/\/totsacasa.santjosep.org\/wp-content\/uploads\/2020\/05\/IMG-20200417-WA0005-2.jpg\" \/>\n\t<meta property=\"og:image:width\" content=\"1600\" \/>\n\t<meta property=\"og:image:height\" content=\"1253\" \/>\n\t<meta property=\"og:image:type\" content=\"image\/jpeg\" \/>\n<meta name=\"author\" content=\"welove\" \/>\n<meta name=\"twitter:card\" content=\"summary_large_image\" \/>\n<meta name=\"twitter:label1\" content=\"Escrito por\" \/>\n\t<meta name=\"twitter:data1\" content=\"welove\" \/>\n\t<meta name=\"twitter:label2\" content=\"Tiempo de lectura\" \/>\n\t<meta name=\"twitter:data2\" content=\"2 minutos\" \/>\n<script type=\"application\/ld+json\" class=\"yoast-schema-graph\">{\"@context\":\"https:\/\/schema.org\",\"@graph\":[{\"@type\":\"Article\",\"@id\":\"https:\/\/totsacasa.santjosep.org\/es\/concursos\/guanyadors-del-i-concurs-de-microrelats-del-confinament\/#article\",\"isPartOf\":{\"@id\":\"https:\/\/totsacasa.santjosep.org\/es\/concursos\/guanyadors-del-i-concurs-de-microrelats-del-confinament\/\"},\"author\":{\"name\":\"welove\",\"@id\":\"https:\/\/totsacasa.santjosep.org\/#\/schema\/person\/7a42e96c8132f3b94bd1dd2ff86da995\"},\"headline\":\"Ganadores del I Concurso de Microrelatos del Confinamento\",\"datePublished\":\"2020-05-14T07:04:53+00:00\",\"dateModified\":\"2020-05-15T07:13:58+00:00\",\"mainEntityOfPage\":{\"@id\":\"https:\/\/totsacasa.santjosep.org\/es\/concursos\/guanyadors-del-i-concurs-de-microrelats-del-confinament\/\"},\"wordCount\":449,\"publisher\":{\"@id\":\"https:\/\/totsacasa.santjosep.org\/#organization\"},\"image\":{\"@id\":\"https:\/\/totsacasa.santjosep.org\/es\/concursos\/guanyadors-del-i-concurs-de-microrelats-del-confinament\/#primaryimage\"},\"thumbnailUrl\":\"https:\/\/totsacasa.santjosep.org\/wp-content\/uploads\/2020\/05\/IMG-20200417-WA0005-2.jpg\",\"articleSection\":[\"Concursos\"],\"inLanguage\":\"es\"},{\"@type\":\"WebPage\",\"@id\":\"https:\/\/totsacasa.santjosep.org\/es\/concursos\/guanyadors-del-i-concurs-de-microrelats-del-confinament\/\",\"url\":\"https:\/\/totsacasa.santjosep.org\/es\/concursos\/guanyadors-del-i-concurs-de-microrelats-del-confinament\/\",\"name\":\"Ganadores del I Concurso de Microrelatos del Confinamento - A Sant Josep, tots a casa!\",\"isPartOf\":{\"@id\":\"https:\/\/totsacasa.santjosep.org\/#website\"},\"primaryImageOfPage\":{\"@id\":\"https:\/\/totsacasa.santjosep.org\/es\/concursos\/guanyadors-del-i-concurs-de-microrelats-del-confinament\/#primaryimage\"},\"image\":{\"@id\":\"https:\/\/totsacasa.santjosep.org\/es\/concursos\/guanyadors-del-i-concurs-de-microrelats-del-confinament\/#primaryimage\"},\"thumbnailUrl\":\"https:\/\/totsacasa.santjosep.org\/wp-content\/uploads\/2020\/05\/IMG-20200417-WA0005-2.jpg\",\"datePublished\":\"2020-05-14T07:04:53+00:00\",\"dateModified\":\"2020-05-15T07:13:58+00:00\",\"breadcrumb\":{\"@id\":\"https:\/\/totsacasa.santjosep.org\/es\/concursos\/guanyadors-del-i-concurs-de-microrelats-del-confinament\/#breadcrumb\"},\"inLanguage\":\"es\",\"potentialAction\":[{\"@type\":\"ReadAction\",\"target\":[\"https:\/\/totsacasa.santjosep.org\/es\/concursos\/guanyadors-del-i-concurs-de-microrelats-del-confinament\/\"]}]},{\"@type\":\"ImageObject\",\"inLanguage\":\"es\",\"@id\":\"https:\/\/totsacasa.santjosep.org\/es\/concursos\/guanyadors-del-i-concurs-de-microrelats-del-confinament\/#primaryimage\",\"url\":\"https:\/\/totsacasa.santjosep.org\/wp-content\/uploads\/2020\/05\/IMG-20200417-WA0005-2.jpg\",\"contentUrl\":\"https:\/\/totsacasa.santjosep.org\/wp-content\/uploads\/2020\/05\/IMG-20200417-WA0005-2.jpg\",\"width\":1600,\"height\":1253},{\"@type\":\"BreadcrumbList\",\"@id\":\"https:\/\/totsacasa.santjosep.org\/es\/concursos\/guanyadors-del-i-concurs-de-microrelats-del-confinament\/#breadcrumb\",\"itemListElement\":[{\"@type\":\"ListItem\",\"position\":1,\"name\":\"Portada\",\"item\":\"https:\/\/totsacasa.santjosep.org\/es\/\"},{\"@type\":\"ListItem\",\"position\":2,\"name\":\"Ganadores del I Concurso de Microrelatos del Confinamento\"}]},{\"@type\":\"WebSite\",\"@id\":\"https:\/\/totsacasa.santjosep.org\/#website\",\"url\":\"https:\/\/totsacasa.santjosep.org\/\",\"name\":\"A Sant Josep, tots a casa!\",\"description\":\"\",\"publisher\":{\"@id\":\"https:\/\/totsacasa.santjosep.org\/#organization\"},\"potentialAction\":[{\"@type\":\"SearchAction\",\"target\":{\"@type\":\"EntryPoint\",\"urlTemplate\":\"https:\/\/totsacasa.santjosep.org\/?s={search_term_string}\"},\"query-input\":{\"@type\":\"PropertyValueSpecification\",\"valueRequired\":true,\"valueName\":\"search_term_string\"}}],\"inLanguage\":\"es\"},{\"@type\":\"Organization\",\"@id\":\"https:\/\/totsacasa.santjosep.org\/#organization\",\"name\":\"A Sant Josep tots a casa\",\"url\":\"https:\/\/totsacasa.santjosep.org\/\",\"logo\":{\"@type\":\"ImageObject\",\"inLanguage\":\"es\",\"@id\":\"https:\/\/totsacasa.santjosep.org\/#\/schema\/logo\/image\/\",\"url\":\"https:\/\/totsacasa.santjosep.org\/wp-content\/uploads\/2020\/04\/LogoSantJosep.png\",\"contentUrl\":\"https:\/\/totsacasa.santjosep.org\/wp-content\/uploads\/2020\/04\/LogoSantJosep.png\",\"width\":288,\"height\":288,\"caption\":\"A Sant Josep tots a casa\"},\"image\":{\"@id\":\"https:\/\/totsacasa.santjosep.org\/#\/schema\/logo\/image\/\"}},{\"@type\":\"Person\",\"@id\":\"https:\/\/totsacasa.santjosep.org\/#\/schema\/person\/7a42e96c8132f3b94bd1dd2ff86da995\",\"name\":\"welove\",\"image\":{\"@type\":\"ImageObject\",\"inLanguage\":\"es\",\"@id\":\"https:\/\/totsacasa.santjosep.org\/#\/schema\/person\/image\/\",\"url\":\"https:\/\/secure.gravatar.com\/avatar\/7b1ae1dc2daba60e90cca06e8c871ddb?s=96&d=mm&r=g\",\"contentUrl\":\"https:\/\/secure.gravatar.com\/avatar\/7b1ae1dc2daba60e90cca06e8c871ddb?s=96&d=mm&r=g\",\"caption\":\"welove\"},\"sameAs\":[\"https:\/\/totsacasa.santjosep.org\"]}]}<\/script>\n<!-- \/ Yoast SEO plugin. -->","yoast_head_json":{"title":"Ganadores del I Concurso de Microrelatos del Confinamento - A Sant Josep, tots a casa!","robots":{"index":"index","follow":"follow","max-snippet":"max-snippet:-1","max-image-preview":"max-image-preview:large","max-video-preview":"max-video-preview:-1"},"canonical":"https:\/\/totsacasa.santjosep.org\/es\/concursos\/guanyadors-del-i-concurs-de-microrelats-del-confinament\/","og_locale":"es_ES","og_type":"article","og_title":"Ganadores del I Concurso de Microrelatos del Confinamento - A Sant Josep, tots a casa!","og_description":"El Ayuntamiento de Sant Josep ha dado a conocer los ganadores del I Concurso de Microrrelatos del Confinamiento, organizado con motivo del pasado d\u00eda de Sant Jordi y dentro de los actos de celebraci\u00f3n virtual de este d\u00eda. Para este concurso se recibieron un total de 52 escritos","og_url":"https:\/\/totsacasa.santjosep.org\/es\/concursos\/guanyadors-del-i-concurs-de-microrelats-del-confinament\/","og_site_name":"A Sant Josep, tots a casa!","article_published_time":"2020-05-14T07:04:53+00:00","article_modified_time":"2020-05-15T07:13:58+00:00","og_image":[{"width":1600,"height":1253,"url":"https:\/\/totsacasa.santjosep.org\/wp-content\/uploads\/2020\/05\/IMG-20200417-WA0005-2.jpg","type":"image\/jpeg"}],"author":"welove","twitter_card":"summary_large_image","twitter_misc":{"Escrito por":"welove","Tiempo de lectura":"2 minutos"},"schema":{"@context":"https:\/\/schema.org","@graph":[{"@type":"Article","@id":"https:\/\/totsacasa.santjosep.org\/es\/concursos\/guanyadors-del-i-concurs-de-microrelats-del-confinament\/#article","isPartOf":{"@id":"https:\/\/totsacasa.santjosep.org\/es\/concursos\/guanyadors-del-i-concurs-de-microrelats-del-confinament\/"},"author":{"name":"welove","@id":"https:\/\/totsacasa.santjosep.org\/#\/schema\/person\/7a42e96c8132f3b94bd1dd2ff86da995"},"headline":"Ganadores del I Concurso de Microrelatos del Confinamento","datePublished":"2020-05-14T07:04:53+00:00","dateModified":"2020-05-15T07:13:58+00:00","mainEntityOfPage":{"@id":"https:\/\/totsacasa.santjosep.org\/es\/concursos\/guanyadors-del-i-concurs-de-microrelats-del-confinament\/"},"wordCount":449,"publisher":{"@id":"https:\/\/totsacasa.santjosep.org\/#organization"},"image":{"@id":"https:\/\/totsacasa.santjosep.org\/es\/concursos\/guanyadors-del-i-concurs-de-microrelats-del-confinament\/#primaryimage"},"thumbnailUrl":"https:\/\/totsacasa.santjosep.org\/wp-content\/uploads\/2020\/05\/IMG-20200417-WA0005-2.jpg","articleSection":["Concursos"],"inLanguage":"es"},{"@type":"WebPage","@id":"https:\/\/totsacasa.santjosep.org\/es\/concursos\/guanyadors-del-i-concurs-de-microrelats-del-confinament\/","url":"https:\/\/totsacasa.santjosep.org\/es\/concursos\/guanyadors-del-i-concurs-de-microrelats-del-confinament\/","name":"Ganadores del I Concurso de Microrelatos del Confinamento - A Sant Josep, tots a casa!","isPartOf":{"@id":"https:\/\/totsacasa.santjosep.org\/#website"},"primaryImageOfPage":{"@id":"https:\/\/totsacasa.santjosep.org\/es\/concursos\/guanyadors-del-i-concurs-de-microrelats-del-confinament\/#primaryimage"},"image":{"@id":"https:\/\/totsacasa.santjosep.org\/es\/concursos\/guanyadors-del-i-concurs-de-microrelats-del-confinament\/#primaryimage"},"thumbnailUrl":"https:\/\/totsacasa.santjosep.org\/wp-content\/uploads\/2020\/05\/IMG-20200417-WA0005-2.jpg","datePublished":"2020-05-14T07:04:53+00:00","dateModified":"2020-05-15T07:13:58+00:00","breadcrumb":{"@id":"https:\/\/totsacasa.santjosep.org\/es\/concursos\/guanyadors-del-i-concurs-de-microrelats-del-confinament\/#breadcrumb"},"inLanguage":"es","potentialAction":[{"@type":"ReadAction","target":["https:\/\/totsacasa.santjosep.org\/es\/concursos\/guanyadors-del-i-concurs-de-microrelats-del-confinament\/"]}]},{"@type":"ImageObject","inLanguage":"es","@id":"https:\/\/totsacasa.santjosep.org\/es\/concursos\/guanyadors-del-i-concurs-de-microrelats-del-confinament\/#primaryimage","url":"https:\/\/totsacasa.santjosep.org\/wp-content\/uploads\/2020\/05\/IMG-20200417-WA0005-2.jpg","contentUrl":"https:\/\/totsacasa.santjosep.org\/wp-content\/uploads\/2020\/05\/IMG-20200417-WA0005-2.jpg","width":1600,"height":1253},{"@type":"BreadcrumbList","@id":"https:\/\/totsacasa.santjosep.org\/es\/concursos\/guanyadors-del-i-concurs-de-microrelats-del-confinament\/#breadcrumb","itemListElement":[{"@type":"ListItem","position":1,"name":"Portada","item":"https:\/\/totsacasa.santjosep.org\/es\/"},{"@type":"ListItem","position":2,"name":"Ganadores del I Concurso de Microrelatos del Confinamento"}]},{"@type":"WebSite","@id":"https:\/\/totsacasa.santjosep.org\/#website","url":"https:\/\/totsacasa.santjosep.org\/","name":"A Sant Josep, tots a casa!","description":"","publisher":{"@id":"https:\/\/totsacasa.santjosep.org\/#organization"},"potentialAction":[{"@type":"SearchAction","target":{"@type":"EntryPoint","urlTemplate":"https:\/\/totsacasa.santjosep.org\/?s={search_term_string}"},"query-input":{"@type":"PropertyValueSpecification","valueRequired":true,"valueName":"search_term_string"}}],"inLanguage":"es"},{"@type":"Organization","@id":"https:\/\/totsacasa.santjosep.org\/#organization","name":"A Sant Josep tots a casa","url":"https:\/\/totsacasa.santjosep.org\/","logo":{"@type":"ImageObject","inLanguage":"es","@id":"https:\/\/totsacasa.santjosep.org\/#\/schema\/logo\/image\/","url":"https:\/\/totsacasa.santjosep.org\/wp-content\/uploads\/2020\/04\/LogoSantJosep.png","contentUrl":"https:\/\/totsacasa.santjosep.org\/wp-content\/uploads\/2020\/04\/LogoSantJosep.png","width":288,"height":288,"caption":"A Sant Josep tots a casa"},"image":{"@id":"https:\/\/totsacasa.santjosep.org\/#\/schema\/logo\/image\/"}},{"@type":"Person","@id":"https:\/\/totsacasa.santjosep.org\/#\/schema\/person\/7a42e96c8132f3b94bd1dd2ff86da995","name":"welove","image":{"@type":"ImageObject","inLanguage":"es","@id":"https:\/\/totsacasa.santjosep.org\/#\/schema\/person\/image\/","url":"https:\/\/secure.gravatar.com\/avatar\/7b1ae1dc2daba60e90cca06e8c871ddb?s=96&d=mm&r=g","contentUrl":"https:\/\/secure.gravatar.com\/avatar\/7b1ae1dc2daba60e90cca06e8c871ddb?s=96&d=mm&r=g","caption":"welove"},"sameAs":["https:\/\/totsacasa.santjosep.org"]}]}},"_links":{"self":[{"href":"https:\/\/totsacasa.santjosep.org\/es\/wp-json\/wp\/v2\/posts\/1118","targetHints":{"allow":["GET"]}}],"collection":[{"href":"https:\/\/totsacasa.santjosep.org\/es\/wp-json\/wp\/v2\/posts"}],"about":[{"href":"https:\/\/totsacasa.santjosep.org\/es\/wp-json\/wp\/v2\/types\/post"}],"author":[{"embeddable":true,"href":"https:\/\/totsacasa.santjosep.org\/es\/wp-json\/wp\/v2\/users\/1"}],"replies":[{"embeddable":true,"href":"https:\/\/totsacasa.santjosep.org\/es\/wp-json\/wp\/v2\/comments?post=1118"}],"version-history":[{"count":5,"href":"https:\/\/totsacasa.santjosep.org\/es\/wp-json\/wp\/v2\/posts\/1118\/revisions"}],"predecessor-version":[{"id":1171,"href":"https:\/\/totsacasa.santjosep.org\/es\/wp-json\/wp\/v2\/posts\/1118\/revisions\/1171"}],"wp:featuredmedia":[{"embeddable":true,"href":"https:\/\/totsacasa.santjosep.org\/es\/wp-json\/wp\/v2\/media\/1117"}],"wp:attachment":[{"href":"https:\/\/totsacasa.santjosep.org\/es\/wp-json\/wp\/v2\/media?parent=1118"}],"wp:term":[{"taxonomy":"category","embeddable":true,"href":"https:\/\/totsacasa.santjosep.org\/es\/wp-json\/wp\/v2\/categories?post=1118"},{"taxonomy":"post_tag","embeddable":true,"href":"https:\/\/totsacasa.santjosep.org\/es\/wp-json\/wp\/v2\/tags?post=1118"}],"curies":[{"name":"wp","href":"https:\/\/api.w.org\/{rel}","templated":true}]}}