{"id":1092,"date":"2020-05-14T08:49:28","date_gmt":"2020-05-14T06:49:28","guid":{"rendered":"https:\/\/totsacasa.santjosep.org\/sin-categorizar\/cicle-de-concerts-descalada-afinada\/"},"modified":"2020-05-30T08:41:07","modified_gmt":"2020-05-30T06:41:07","slug":"cicle-de-concerts-descalada-afinada","status":"publish","type":"post","link":"https:\/\/totsacasa.santjosep.org\/es\/musica-baile-y-espectaculos\/cicle-de-concerts-descalada-afinada\/","title":{"rendered":"Ciclo de Conciertos &#8216;Desescalada Afinada&#8217;"},"content":{"rendered":"[vc_row type=\u00bbin_container\u00bb full_screen_row_position=\u00bbmiddle\u00bb column_margin=\u00bbdefault\u00bb column_direction=\u00bbdefault\u00bb column_direction_tablet=\u00bbdefault\u00bb column_direction_phone=\u00bbdefault\u00bb scene_position=\u00bbcenter\u00bb text_color=\u00bbdark\u00bb text_align=\u00bbleft\u00bb row_border_radius=\u00bbnone\u00bb row_border_radius_applies=\u00bbbg\u00bb overlay_strength=\u00bb0.3&#8243; gradient_direction=\u00bbleft_to_right\u00bb shape_divider_position=\u00bbbottom\u00bb bg_image_animation=\u00bbnone\u00bb][vc_column column_padding=\u00bbno-extra-padding\u00bb column_padding_tablet=\u00bbinherit\u00bb column_padding_phone=\u00bbinherit\u00bb column_padding_position=\u00bball\u00bb background_color_opacity=\u00bb1&#8243; background_hover_color_opacity=\u00bb1&#8243; column_shadow=\u00bbnone\u00bb column_border_radius=\u00bbnone\u00bb column_link_target=\u00bb_self\u00bb gradient_direction=\u00bbleft_to_right\u00bb overlay_strength=\u00bb0.3&#8243; width=\u00bb1\/1&#8243; tablet_width_inherit=\u00bbdefault\u00bb tablet_text_alignment=\u00bbdefault\u00bb phone_text_alignment=\u00bbdefault\u00bb column_border_width=\u00bbnone\u00bb column_border_style=\u00bbsolid\u00bb bg_image_animation=\u00bbnone\u00bb][image_with_animation image_url=\u00bb1087&#8243; animation=\u00bbFade In\u00bb hover_animation=\u00bbnone\u00bb alignment=\u00bb\u00bb border_radius=\u00bbnone\u00bb box_shadow=\u00bbnone\u00bb image_loading=\u00bbdefault\u00bb max_width=\u00bb100%\u00bb max_width_mobile=\u00bbdefault\u00bb][\/vc_column][\/vc_row][vc_row type=\u00bbin_container\u00bb full_screen_row_position=\u00bbmiddle\u00bb column_margin=\u00bbdefault\u00bb column_direction=\u00bbdefault\u00bb column_direction_tablet=\u00bbdefault\u00bb column_direction_phone=\u00bbdefault\u00bb scene_position=\u00bbcenter\u00bb text_color=\u00bbdark\u00bb text_align=\u00bbleft\u00bb row_border_radius=\u00bbnone\u00bb row_border_radius_applies=\u00bbbg\u00bb overlay_strength=\u00bb0.3&#8243; gradient_direction=\u00bbleft_to_right\u00bb shape_divider_position=\u00bbbottom\u00bb bg_image_animation=\u00bbnone\u00bb][vc_column column_padding=\u00bbno-extra-padding\u00bb column_padding_tablet=\u00bbinherit\u00bb column_padding_phone=\u00bbinherit\u00bb column_padding_position=\u00bball\u00bb background_color_opacity=\u00bb1&#8243; background_hover_color_opacity=\u00bb1&#8243; column_shadow=\u00bbnone\u00bb column_border_radius=\u00bbnone\u00bb column_link_target=\u00bb_self\u00bb gradient_direction=\u00bbleft_to_right\u00bb overlay_strength=\u00bb0.3&#8243; width=\u00bb1\/1&#8243; tablet_width_inherit=\u00bbdefault\u00bb tablet_text_alignment=\u00bbdefault\u00bb phone_text_alignment=\u00bbdefault\u00bb column_border_width=\u00bbnone\u00bb column_border_style=\u00bbsolid\u00bb bg_image_animation=\u00bbnone\u00bb][vc_column_text]En el marco de las actuaciones para apoyar la cultura durante la pandemia del Covid-19, el Ayuntamiento de Sant Josep ha anunciado un ciclo de conciertos semanales, llamados\u00a0<strong>Desescalada Afinada<\/strong>, en los que se han programado tres bandas de m\u00fasicos ibicencos. Con esta acci\u00f3n se quiere contribuir a mantener viva la actividad musical en las redes, mientras sigan en vigor las restricciones DE movilidad y la aglomeraci\u00f3n de personas, adem\u00e1s de apoyar las formaciones de la isla en una etapa especialmente complicada para todas ellas, debido a la paralizaci\u00f3n de las contrataciones en este periodo.<\/p>\n<p>Seguir los conciertos en el Facebook del <a href=\"https:\/\/www.facebook.com\/Ajuntament-de-Sant-Josep-de-sa-Talaia-197541666931354\/\">Ayuntamiento de Sant Josep de Sa Talaia<\/a>[\/vc_column_text][vc_row_inner column_margin=\u00bbdefault\u00bb column_direction=\u00bbdefault\u00bb column_direction_tablet=\u00bbdefault\u00bb column_direction_phone=\u00bbdefault\u00bb text_align=\u00bbleft\u00bb][vc_column_inner column_padding=\u00bbno-extra-padding\u00bb column_padding_tablet=\u00bbinherit\u00bb column_padding_phone=\u00bbinherit\u00bb column_padding_position=\u00bball\u00bb background_color_opacity=\u00bb1&#8243; background_hover_color_opacity=\u00bb1&#8243; column_shadow=\u00bbnone\u00bb column_border_radius=\u00bbnone\u00bb column_link_target=\u00bb_self\u00bb gradient_direction=\u00bbleft_to_right\u00bb overlay_strength=\u00bb0.3&#8243; width=\u00bb1\/1&#8243; tablet_width_inherit=\u00bbdefault\u00bb column_border_width=\u00bbnone\u00bb column_border_style=\u00bbsolid\u00bb bg_image_animation=\u00bbnone\u00bb][vc_video link=\u00bbhttps:\/\/youtu.be\/xfdb1eBSl6I\u00bb][\/vc_column_inner][\/vc_row_inner][vc_row_inner column_margin=\u00bbdefault\u00bb column_direction=\u00bbdefault\u00bb column_direction_tablet=\u00bbdefault\u00bb column_direction_phone=\u00bbdefault\u00bb text_align=\u00bbleft\u00bb][vc_column_inner column_padding=\u00bbno-extra-padding\u00bb column_padding_tablet=\u00bbinherit\u00bb column_padding_phone=\u00bbinherit\u00bb column_padding_position=\u00bball\u00bb background_color_opacity=\u00bb1&#8243; background_hover_color_opacity=\u00bb1&#8243; column_shadow=\u00bbnone\u00bb column_border_radius=\u00bbnone\u00bb column_link_target=\u00bb_self\u00bb gradient_direction=\u00bbleft_to_right\u00bb overlay_strength=\u00bb0.3&#8243; width=\u00bb1\/1&#8243; tablet_width_inherit=\u00bbdefault\u00bb column_border_width=\u00bbnone\u00bb column_border_style=\u00bbsolid\u00bb bg_image_animation=\u00bbnone\u00bb][vc_video link=\u00bbhttps:\/\/youtu.be\/_eiXRJDyNm4&#8243;][\/vc_column_inner][\/vc_row_inner][vc_row_inner column_margin=\u00bbdefault\u00bb column_direction=\u00bbdefault\u00bb column_direction_tablet=\u00bbdefault\u00bb column_direction_phone=\u00bbdefault\u00bb text_align=\u00bbleft\u00bb][vc_column_inner column_padding=\u00bbno-extra-padding\u00bb column_padding_tablet=\u00bbinherit\u00bb column_padding_phone=\u00bbinherit\u00bb column_padding_position=\u00bball\u00bb background_color_opacity=\u00bb1&#8243; background_hover_color_opacity=\u00bb1&#8243; column_shadow=\u00bbnone\u00bb column_border_radius=\u00bbnone\u00bb column_link_target=\u00bb_self\u00bb gradient_direction=\u00bbleft_to_right\u00bb overlay_strength=\u00bb0.3&#8243; width=\u00bb1\/1&#8243; tablet_width_inherit=\u00bbdefault\u00bb column_border_width=\u00bbnone\u00bb column_border_style=\u00bbsolid\u00bb bg_image_animation=\u00bbnone\u00bb][vc_video link=\u00bbhttps:\/\/youtu.be\/ckNGaX7ZPa8&#8243;][\/vc_column_inner][\/vc_row_inner][\/vc_column][\/vc_row]\n","protected":false},"excerpt":{"rendered":"<p>En el marco de las actuaciones para apoyar la cultura durante la pandemia del Covid-19, el Ayuntamiento de Sant Josep ha anunciado un ciclo de conciertos semanales, llamados\u00a0Desescalada Afinada<\/p>\n","protected":false},"author":1,"featured_media":1090,"comment_status":"closed","ping_status":"closed","sticky":false,"template":"","format":"video","meta":{"footnotes":""},"categories":[26],"tags":[],"class_list":{"0":"post-1092","1":"post","2":"type-post","3":"status-publish","4":"format-video","5":"has-post-thumbnail","7":"category-musica-baile-y-espectaculos","8":"post_format-post-format-video"},"yoast_head":"<!-- This site is optimized with the Yoast SEO plugin v24.0 - https:\/\/yoast.com\/wordpress\/plugins\/seo\/ -->\n<title>Ciclo de Conciertos &#039;Desescalada Afinada&#039; - A Sant Josep, tots a casa!<\/title>\n<meta name=\"robots\" content=\"index, follow, max-snippet:-1, max-image-preview:large, max-video-preview:-1\" \/>\n<link rel=\"canonical\" href=\"https:\/\/totsacasa.santjosep.org\/es\/musica-baile-y-espectaculos\/cicle-de-concerts-descalada-afinada\/\" \/>\n<meta property=\"og:locale\" content=\"es_ES\" \/>\n<meta property=\"og:type\" content=\"article\" \/>\n<meta property=\"og:title\" content=\"Ciclo de Conciertos &#039;Desescalada Afinada&#039; - A Sant Josep, tots a casa!\" \/>\n<meta property=\"og:description\" content=\"En el marco de las actuaciones para apoyar la cultura durante la pandemia del Covid-19, el Ayuntamiento de Sant Josep ha anunciado un ciclo de conciertos semanales, llamados\u00a0Desescalada Afinada\" \/>\n<meta property=\"og:url\" content=\"https:\/\/totsacasa.santjosep.org\/es\/musica-baile-y-espectaculos\/cicle-de-concerts-descalada-afinada\/\" \/>\n<meta property=\"og:site_name\" content=\"A Sant Josep, tots a casa!\" \/>\n<meta property=\"article:published_time\" content=\"2020-05-14T06:49:28+00:00\" \/>\n<meta property=\"article:modified_time\" content=\"2020-05-30T06:41:07+00:00\" \/>\n<meta property=\"og:image\" content=\"https:\/\/totsacasa.santjosep.org\/wp-content\/uploads\/2020\/05\/desescaladaafinada_previo.jpg\" \/>\n\t<meta property=\"og:image:width\" content=\"1200\" \/>\n\t<meta property=\"og:image:height\" content=\"1200\" \/>\n\t<meta property=\"og:image:type\" content=\"image\/jpeg\" \/>\n<meta name=\"author\" content=\"welove\" \/>\n<meta name=\"twitter:card\" content=\"summary_large_image\" \/>\n<meta name=\"twitter:label1\" content=\"Escrito por\" \/>\n\t<meta name=\"twitter:data1\" content=\"welove\" \/>\n\t<meta name=\"twitter:label2\" content=\"Tiempo de lectura\" \/>\n\t<meta name=\"twitter:data2\" content=\"3 minutos\" \/>\n<script type=\"application\/ld+json\" class=\"yoast-schema-graph\">{\"@context\":\"https:\/\/schema.org\",\"@graph\":[{\"@type\":\"Article\",\"@id\":\"https:\/\/totsacasa.santjosep.org\/es\/musica-baile-y-espectaculos\/cicle-de-concerts-descalada-afinada\/#article\",\"isPartOf\":{\"@id\":\"https:\/\/totsacasa.santjosep.org\/es\/musica-baile-y-espectaculos\/cicle-de-concerts-descalada-afinada\/\"},\"author\":{\"name\":\"welove\",\"@id\":\"https:\/\/totsacasa.santjosep.org\/#\/schema\/person\/7a42e96c8132f3b94bd1dd2ff86da995\"},\"headline\":\"Ciclo de Conciertos &#8216;Desescalada Afinada&#8217;\",\"datePublished\":\"2020-05-14T06:49:28+00:00\",\"dateModified\":\"2020-05-30T06:41:07+00:00\",\"mainEntityOfPage\":{\"@id\":\"https:\/\/totsacasa.santjosep.org\/es\/musica-baile-y-espectaculos\/cicle-de-concerts-descalada-afinada\/\"},\"wordCount\":690,\"publisher\":{\"@id\":\"https:\/\/totsacasa.santjosep.org\/#organization\"},\"image\":{\"@id\":\"https:\/\/totsacasa.santjosep.org\/es\/musica-baile-y-espectaculos\/cicle-de-concerts-descalada-afinada\/#primaryimage\"},\"thumbnailUrl\":\"https:\/\/totsacasa.santjosep.org\/wp-content\/uploads\/2020\/05\/desescaladaafinada_previo.jpg\",\"articleSection\":[\"M\u00fasica, baile y espect\u00e1culos\"],\"inLanguage\":\"es\"},{\"@type\":\"WebPage\",\"@id\":\"https:\/\/totsacasa.santjosep.org\/es\/musica-baile-y-espectaculos\/cicle-de-concerts-descalada-afinada\/\",\"url\":\"https:\/\/totsacasa.santjosep.org\/es\/musica-baile-y-espectaculos\/cicle-de-concerts-descalada-afinada\/\",\"name\":\"Ciclo de Conciertos 'Desescalada Afinada' - A Sant Josep, tots a casa!\",\"isPartOf\":{\"@id\":\"https:\/\/totsacasa.santjosep.org\/#website\"},\"primaryImageOfPage\":{\"@id\":\"https:\/\/totsacasa.santjosep.org\/es\/musica-baile-y-espectaculos\/cicle-de-concerts-descalada-afinada\/#primaryimage\"},\"image\":{\"@id\":\"https:\/\/totsacasa.santjosep.org\/es\/musica-baile-y-espectaculos\/cicle-de-concerts-descalada-afinada\/#primaryimage\"},\"thumbnailUrl\":\"https:\/\/totsacasa.santjosep.org\/wp-content\/uploads\/2020\/05\/desescaladaafinada_previo.jpg\",\"datePublished\":\"2020-05-14T06:49:28+00:00\",\"dateModified\":\"2020-05-30T06:41:07+00:00\",\"breadcrumb\":{\"@id\":\"https:\/\/totsacasa.santjosep.org\/es\/musica-baile-y-espectaculos\/cicle-de-concerts-descalada-afinada\/#breadcrumb\"},\"inLanguage\":\"es\",\"potentialAction\":[{\"@type\":\"ReadAction\",\"target\":[\"https:\/\/totsacasa.santjosep.org\/es\/musica-baile-y-espectaculos\/cicle-de-concerts-descalada-afinada\/\"]}]},{\"@type\":\"ImageObject\",\"inLanguage\":\"es\",\"@id\":\"https:\/\/totsacasa.santjosep.org\/es\/musica-baile-y-espectaculos\/cicle-de-concerts-descalada-afinada\/#primaryimage\",\"url\":\"https:\/\/totsacasa.santjosep.org\/wp-content\/uploads\/2020\/05\/desescaladaafinada_previo.jpg\",\"contentUrl\":\"https:\/\/totsacasa.santjosep.org\/wp-content\/uploads\/2020\/05\/desescaladaafinada_previo.jpg\",\"width\":1200,\"height\":1200},{\"@type\":\"BreadcrumbList\",\"@id\":\"https:\/\/totsacasa.santjosep.org\/es\/musica-baile-y-espectaculos\/cicle-de-concerts-descalada-afinada\/#breadcrumb\",\"itemListElement\":[{\"@type\":\"ListItem\",\"position\":1,\"name\":\"Portada\",\"item\":\"https:\/\/totsacasa.santjosep.org\/es\/\"},{\"@type\":\"ListItem\",\"position\":2,\"name\":\"Ciclo de Conciertos &#8216;Desescalada Afinada&#8217;\"}]},{\"@type\":\"WebSite\",\"@id\":\"https:\/\/totsacasa.santjosep.org\/#website\",\"url\":\"https:\/\/totsacasa.santjosep.org\/\",\"name\":\"A Sant Josep, tots a casa!\",\"description\":\"\",\"publisher\":{\"@id\":\"https:\/\/totsacasa.santjosep.org\/#organization\"},\"potentialAction\":[{\"@type\":\"SearchAction\",\"target\":{\"@type\":\"EntryPoint\",\"urlTemplate\":\"https:\/\/totsacasa.santjosep.org\/?s={search_term_string}\"},\"query-input\":{\"@type\":\"PropertyValueSpecification\",\"valueRequired\":true,\"valueName\":\"search_term_string\"}}],\"inLanguage\":\"es\"},{\"@type\":\"Organization\",\"@id\":\"https:\/\/totsacasa.santjosep.org\/#organization\",\"name\":\"A Sant Josep tots a casa\",\"url\":\"https:\/\/totsacasa.santjosep.org\/\",\"logo\":{\"@type\":\"ImageObject\",\"inLanguage\":\"es\",\"@id\":\"https:\/\/totsacasa.santjosep.org\/#\/schema\/logo\/image\/\",\"url\":\"https:\/\/totsacasa.santjosep.org\/wp-content\/uploads\/2020\/04\/LogoSantJosep.png\",\"contentUrl\":\"https:\/\/totsacasa.santjosep.org\/wp-content\/uploads\/2020\/04\/LogoSantJosep.png\",\"width\":288,\"height\":288,\"caption\":\"A Sant Josep tots a casa\"},\"image\":{\"@id\":\"https:\/\/totsacasa.santjosep.org\/#\/schema\/logo\/image\/\"}},{\"@type\":\"Person\",\"@id\":\"https:\/\/totsacasa.santjosep.org\/#\/schema\/person\/7a42e96c8132f3b94bd1dd2ff86da995\",\"name\":\"welove\",\"image\":{\"@type\":\"ImageObject\",\"inLanguage\":\"es\",\"@id\":\"https:\/\/totsacasa.santjosep.org\/#\/schema\/person\/image\/\",\"url\":\"https:\/\/secure.gravatar.com\/avatar\/7b1ae1dc2daba60e90cca06e8c871ddb?s=96&d=mm&r=g\",\"contentUrl\":\"https:\/\/secure.gravatar.com\/avatar\/7b1ae1dc2daba60e90cca06e8c871ddb?s=96&d=mm&r=g\",\"caption\":\"welove\"},\"sameAs\":[\"https:\/\/totsacasa.santjosep.org\"]}]}<\/script>\n<!-- \/ Yoast SEO plugin. -->","yoast_head_json":{"title":"Ciclo de Conciertos 'Desescalada Afinada' - A Sant Josep, tots a casa!","robots":{"index":"index","follow":"follow","max-snippet":"max-snippet:-1","max-image-preview":"max-image-preview:large","max-video-preview":"max-video-preview:-1"},"canonical":"https:\/\/totsacasa.santjosep.org\/es\/musica-baile-y-espectaculos\/cicle-de-concerts-descalada-afinada\/","og_locale":"es_ES","og_type":"article","og_title":"Ciclo de Conciertos 'Desescalada Afinada' - A Sant Josep, tots a casa!","og_description":"En el marco de las actuaciones para apoyar la cultura durante la pandemia del Covid-19, el Ayuntamiento de Sant Josep ha anunciado un ciclo de conciertos semanales, llamados\u00a0Desescalada Afinada","og_url":"https:\/\/totsacasa.santjosep.org\/es\/musica-baile-y-espectaculos\/cicle-de-concerts-descalada-afinada\/","og_site_name":"A Sant Josep, tots a casa!","article_published_time":"2020-05-14T06:49:28+00:00","article_modified_time":"2020-05-30T06:41:07+00:00","og_image":[{"width":1200,"height":1200,"url":"https:\/\/totsacasa.santjosep.org\/wp-content\/uploads\/2020\/05\/desescaladaafinada_previo.jpg","type":"image\/jpeg"}],"author":"welove","twitter_card":"summary_large_image","twitter_misc":{"Escrito por":"welove","Tiempo de lectura":"3 minutos"},"schema":{"@context":"https:\/\/schema.org","@graph":[{"@type":"Article","@id":"https:\/\/totsacasa.santjosep.org\/es\/musica-baile-y-espectaculos\/cicle-de-concerts-descalada-afinada\/#article","isPartOf":{"@id":"https:\/\/totsacasa.santjosep.org\/es\/musica-baile-y-espectaculos\/cicle-de-concerts-descalada-afinada\/"},"author":{"name":"welove","@id":"https:\/\/totsacasa.santjosep.org\/#\/schema\/person\/7a42e96c8132f3b94bd1dd2ff86da995"},"headline":"Ciclo de Conciertos &#8216;Desescalada Afinada&#8217;","datePublished":"2020-05-14T06:49:28+00:00","dateModified":"2020-05-30T06:41:07+00:00","mainEntityOfPage":{"@id":"https:\/\/totsacasa.santjosep.org\/es\/musica-baile-y-espectaculos\/cicle-de-concerts-descalada-afinada\/"},"wordCount":690,"publisher":{"@id":"https:\/\/totsacasa.santjosep.org\/#organization"},"image":{"@id":"https:\/\/totsacasa.santjosep.org\/es\/musica-baile-y-espectaculos\/cicle-de-concerts-descalada-afinada\/#primaryimage"},"thumbnailUrl":"https:\/\/totsacasa.santjosep.org\/wp-content\/uploads\/2020\/05\/desescaladaafinada_previo.jpg","articleSection":["M\u00fasica, baile y espect\u00e1culos"],"inLanguage":"es"},{"@type":"WebPage","@id":"https:\/\/totsacasa.santjosep.org\/es\/musica-baile-y-espectaculos\/cicle-de-concerts-descalada-afinada\/","url":"https:\/\/totsacasa.santjosep.org\/es\/musica-baile-y-espectaculos\/cicle-de-concerts-descalada-afinada\/","name":"Ciclo de Conciertos 'Desescalada Afinada' - A Sant Josep, tots a casa!","isPartOf":{"@id":"https:\/\/totsacasa.santjosep.org\/#website"},"primaryImageOfPage":{"@id":"https:\/\/totsacasa.santjosep.org\/es\/musica-baile-y-espectaculos\/cicle-de-concerts-descalada-afinada\/#primaryimage"},"image":{"@id":"https:\/\/totsacasa.santjosep.org\/es\/musica-baile-y-espectaculos\/cicle-de-concerts-descalada-afinada\/#primaryimage"},"thumbnailUrl":"https:\/\/totsacasa.santjosep.org\/wp-content\/uploads\/2020\/05\/desescaladaafinada_previo.jpg","datePublished":"2020-05-14T06:49:28+00:00","dateModified":"2020-05-30T06:41:07+00:00","breadcrumb":{"@id":"https:\/\/totsacasa.santjosep.org\/es\/musica-baile-y-espectaculos\/cicle-de-concerts-descalada-afinada\/#breadcrumb"},"inLanguage":"es","potentialAction":[{"@type":"ReadAction","target":["https:\/\/totsacasa.santjosep.org\/es\/musica-baile-y-espectaculos\/cicle-de-concerts-descalada-afinada\/"]}]},{"@type":"ImageObject","inLanguage":"es","@id":"https:\/\/totsacasa.santjosep.org\/es\/musica-baile-y-espectaculos\/cicle-de-concerts-descalada-afinada\/#primaryimage","url":"https:\/\/totsacasa.santjosep.org\/wp-content\/uploads\/2020\/05\/desescaladaafinada_previo.jpg","contentUrl":"https:\/\/totsacasa.santjosep.org\/wp-content\/uploads\/2020\/05\/desescaladaafinada_previo.jpg","width":1200,"height":1200},{"@type":"BreadcrumbList","@id":"https:\/\/totsacasa.santjosep.org\/es\/musica-baile-y-espectaculos\/cicle-de-concerts-descalada-afinada\/#breadcrumb","itemListElement":[{"@type":"ListItem","position":1,"name":"Portada","item":"https:\/\/totsacasa.santjosep.org\/es\/"},{"@type":"ListItem","position":2,"name":"Ciclo de Conciertos &#8216;Desescalada Afinada&#8217;"}]},{"@type":"WebSite","@id":"https:\/\/totsacasa.santjosep.org\/#website","url":"https:\/\/totsacasa.santjosep.org\/","name":"A Sant Josep, tots a casa!","description":"","publisher":{"@id":"https:\/\/totsacasa.santjosep.org\/#organization"},"potentialAction":[{"@type":"SearchAction","target":{"@type":"EntryPoint","urlTemplate":"https:\/\/totsacasa.santjosep.org\/?s={search_term_string}"},"query-input":{"@type":"PropertyValueSpecification","valueRequired":true,"valueName":"search_term_string"}}],"inLanguage":"es"},{"@type":"Organization","@id":"https:\/\/totsacasa.santjosep.org\/#organization","name":"A Sant Josep tots a casa","url":"https:\/\/totsacasa.santjosep.org\/","logo":{"@type":"ImageObject","inLanguage":"es","@id":"https:\/\/totsacasa.santjosep.org\/#\/schema\/logo\/image\/","url":"https:\/\/totsacasa.santjosep.org\/wp-content\/uploads\/2020\/04\/LogoSantJosep.png","contentUrl":"https:\/\/totsacasa.santjosep.org\/wp-content\/uploads\/2020\/04\/LogoSantJosep.png","width":288,"height":288,"caption":"A Sant Josep tots a casa"},"image":{"@id":"https:\/\/totsacasa.santjosep.org\/#\/schema\/logo\/image\/"}},{"@type":"Person","@id":"https:\/\/totsacasa.santjosep.org\/#\/schema\/person\/7a42e96c8132f3b94bd1dd2ff86da995","name":"welove","image":{"@type":"ImageObject","inLanguage":"es","@id":"https:\/\/totsacasa.santjosep.org\/#\/schema\/person\/image\/","url":"https:\/\/secure.gravatar.com\/avatar\/7b1ae1dc2daba60e90cca06e8c871ddb?s=96&d=mm&r=g","contentUrl":"https:\/\/secure.gravatar.com\/avatar\/7b1ae1dc2daba60e90cca06e8c871ddb?s=96&d=mm&r=g","caption":"welove"},"sameAs":["https:\/\/totsacasa.santjosep.org"]}]}},"_links":{"self":[{"href":"https:\/\/totsacasa.santjosep.org\/es\/wp-json\/wp\/v2\/posts\/1092","targetHints":{"allow":["GET"]}}],"collection":[{"href":"https:\/\/totsacasa.santjosep.org\/es\/wp-json\/wp\/v2\/posts"}],"about":[{"href":"https:\/\/totsacasa.santjosep.org\/es\/wp-json\/wp\/v2\/types\/post"}],"author":[{"embeddable":true,"href":"https:\/\/totsacasa.santjosep.org\/es\/wp-json\/wp\/v2\/users\/1"}],"replies":[{"embeddable":true,"href":"https:\/\/totsacasa.santjosep.org\/es\/wp-json\/wp\/v2\/comments?post=1092"}],"version-history":[{"count":7,"href":"https:\/\/totsacasa.santjosep.org\/es\/wp-json\/wp\/v2\/posts\/1092\/revisions"}],"predecessor-version":[{"id":1246,"href":"https:\/\/totsacasa.santjosep.org\/es\/wp-json\/wp\/v2\/posts\/1092\/revisions\/1246"}],"wp:featuredmedia":[{"embeddable":true,"href":"https:\/\/totsacasa.santjosep.org\/es\/wp-json\/wp\/v2\/media\/1090"}],"wp:attachment":[{"href":"https:\/\/totsacasa.santjosep.org\/es\/wp-json\/wp\/v2\/media?parent=1092"}],"wp:term":[{"taxonomy":"category","embeddable":true,"href":"https:\/\/totsacasa.santjosep.org\/es\/wp-json\/wp\/v2\/categories?post=1092"},{"taxonomy":"post_tag","embeddable":true,"href":"https:\/\/totsacasa.santjosep.org\/es\/wp-json\/wp\/v2\/tags?post=1092"}],"curies":[{"name":"wp","href":"https:\/\/api.w.org\/{rel}","templated":true}]}}